{"id":66,"date":"2020-11-14T16:14:00","date_gmt":"2020-11-14T15:14:00","guid":{"rendered":"https:\/\/dbo-network.org\/dbo\/?page_id=66"},"modified":"2023-02-10T21:14:27","modified_gmt":"2023-02-10T20:14:27","slug":"partner","status":"publish","type":"post","link":"https:\/\/dbo-network.org\/dbo\/2020\/11\/14\/partner\/","title":{"rendered":"Partner"},"content":{"rendered":"\n<div class=\"wp-block-columns is-layout-flex wp-container-core-columns-is-layout-9d6595d7 wp-block-columns-is-layout-flex\">\n<div class=\"wp-block-column is-layout-flow wp-block-column-is-layout-flow\">\n<p><strong>DIESEL AND DUST CHALLENGE<\/strong><\/p>\n\n\n\n<p>Wesentliche Finanzierungsgrundlage ist das wirtschaftliche Ergebnis der &nbsp;&#8222;Rallye Dresden-Dakar-Banjul&#8220;, die im M\u00e4rz 2006 das erste Mal startete und seither zwei Mal im Jahr (Anfang M\u00e4rz und Anfang November) durchgef\u00fchrt wird.&nbsp;Alle Fahrzeuge, welche die Rallyeteilnehmer f\u00fcr diese Reise benutzen, werden kurz nach der Ankunft in Gambia im Zentralstadion, N\u00e4he Bakau, auf einer Versteigerung zum Kauf angeboten. Die ersteigerten Gelder, sowie die mitgebrachten Sachspenden werden durch die Dresden-Banjul-Organisation (DBO) an die einzelnen Projekte verteilt. \u00dcberdies haben die Teilnehmer der Rallye dabei die M\u00f6glichkeit, sich vor Ort ein Bild zu machen und bei den \u00dcbergaben der Spenden anwesend zu sein &#8230; und nicht selten ihr Herz an und in Gambia zu verlieren.<\/p>\n<\/div>\n\n\n\n<div class=\"wp-block-column is-layout-flow wp-block-column-is-layout-flow\">\n<figure class=\"wp-block-image size-full\"><img loading=\"lazy\" decoding=\"async\" width=\"250\" height=\"119\" src=\"https:\/\/dbo-network.org\/dbo\/wp-content\/uploads\/sites\/2\/2022\/11\/33989397-1.jpg\" alt=\"\" class=\"wp-image-336\"\/><\/figure>\n\n\n\n<p><a href=\"http:\/\/www.rallye-dresden-dakar-banjul.com\/\">http:\/\/www.rallye-dresden-dakar-banjul.com\/<\/a><\/p>\n\n\n\n<p><\/p>\n<\/div>\n<\/div>\n\n\n\n<div class=\"wp-block-columns is-layout-flex wp-container-core-columns-is-layout-9d6595d7 wp-block-columns-is-layout-flex\">\n<div class=\"wp-block-column is-layout-flow wp-block-column-is-layout-flow\">\n<p><strong>ProjektGambia<\/strong> e.V. -gemeinn\u00fctzig-<\/p>\n\n\n\n<p>Unser Verein f\u00f6rdert die Entwicklungshilfe in afrikanischen Entwicklungsl\u00e4ndern, prim\u00e4r in Gambia.<\/p>\n\n\n\n<p>Unter F\u00f6rderung der Entwicklungshilfe verstehen wir insbesondere die finanzielle Unterst\u00fctzung von Projekten in den Bereichen Bildung, Medizin, Arbeit und Wohnen. Wir freuen uns, in der DBO unseren Partner zur praktischen Umsetzung unserer Ziele gefunden zu haben.<\/p>\n<\/div>\n\n\n\n<div class=\"wp-block-column is-layout-flow wp-block-column-is-layout-flow\">\n<figure class=\"wp-block-image size-full\"><img loading=\"lazy\" decoding=\"async\" width=\"375\" height=\"134\" src=\"https:\/\/dbo-network.org\/dbo\/wp-content\/uploads\/sites\/2\/2022\/11\/projektgambia.png\" alt=\"\" class=\"wp-image-337\" srcset=\"https:\/\/dbo-network.org\/dbo\/wp-content\/uploads\/sites\/2\/2022\/11\/projektgambia.png 375w, https:\/\/dbo-network.org\/dbo\/wp-content\/uploads\/sites\/2\/2022\/11\/projektgambia-300x107.png 300w\" sizes=\"auto, (max-width: 375px) 100vw, 375px\" \/><\/figure>\n\n\n\n<p><a href=\"http:\/\/www.projektgambia.de\/\">http:\/\/www.projektgambia.de\/<\/a><\/p>\n<\/div>\n<\/div>\n\n\n\n<div class=\"wp-block-columns is-layout-flex wp-container-core-columns-is-layout-9d6595d7 wp-block-columns-is-layout-flex\"><\/div>\n\n\n\n<div class=\"wp-block-columns is-layout-flex wp-container-core-columns-is-layout-9d6595d7 wp-block-columns-is-layout-flex\">\n<div class=\"wp-block-column is-layout-flow wp-block-column-is-layout-flow\">\n<p><strong>MIRIQUIDI goes AFRICA<\/strong><\/p>\n\n\n\n<p>Der Verein engagiert sich f\u00fcr die Entwicklungshilfe in Westafrika. An erster Stelle steht die Hilfe zur Selbsthilfe.&nbsp;Des weiteren unterst\u00fctzen wir sowohl Krankenstationen und -h\u00e4user vor Ort mit dringend ben\u00f6tigten Dingen wie Verbandsmaterialen und medizinischem Besteck, als auch Schulen mit Unterichtsmaterialen und Schulgeld f\u00fcr Sch\u00fcler.<\/p>\n<\/div>\n\n\n\n<div class=\"wp-block-column is-layout-flow wp-block-column-is-layout-flow\">\n<figure class=\"wp-block-image size-full\"><img loading=\"lazy\" decoding=\"async\" width=\"266\" height=\"199\" src=\"https:\/\/dbo-network.org\/dbo\/wp-content\/uploads\/sites\/2\/2022\/11\/teaserbox_79770919.png\" alt=\"\" class=\"wp-image-340\"\/><\/figure>\n\n\n\n<p><a href=\"http:\/\/www.miriquidi-goes-africa.de\/verein\/zweck-und-ziele\/\">http:\/\/www.miriquidi-goes-africa.de\/<\/a><\/p>\n<\/div>\n<\/div>\n\n\n\n<div class=\"wp-block-columns is-layout-flex wp-container-core-columns-is-layout-9d6595d7 wp-block-columns-is-layout-flex\">\n<div class=\"wp-block-column is-layout-flow wp-block-column-is-layout-flow\">\n<p><strong>CAMPING GAMBIA<\/strong><\/p>\n\n\n\n<p>Wenn Ihr Euren Urlaub unter Palmen in angenehmen Klima verbringen m\u00f6chtet, dann seid Ihr auf unserem Campingplatz herzlich willkommen.&nbsp;Leute, die auf der Durchreise sind, finden bei uns angenehme Bedingungen, um sich nach einer anstrengenden Fahrt auszuruhen und neue Kr\u00e4fte zu tanken. In 2 Kilometer Entfernung befindet sich der traumhafte Atlantikstrand, den ihr Euch anders als die Spanische Riviera vorstellen d\u00fcrft. Dieser Strand ist quasi menschenleer und kleine, knuffige Bars im Sand laden zum relaxen ein.<\/p>\n<\/div>\n\n\n\n<div class=\"wp-block-column is-layout-flow wp-block-column-is-layout-flow\">\n<figure class=\"wp-block-image size-full\"><img loading=\"lazy\" decoding=\"async\" width=\"200\" height=\"200\" src=\"https:\/\/dbo-network.org\/dbo\/wp-content\/uploads\/sites\/2\/2022\/11\/Aufkleber-gelb.gif\" alt=\"\" class=\"wp-image-342\"\/><figcaption class=\"wp-element-caption\"><a href=\"http:\/\/www.camping-gambia.de\/\">http:\/\/www.camping-gambia.de\/<\/a><\/figcaption><\/figure>\n<\/div>\n<\/div>\n\n\n\n<div class=\"wp-block-columns is-layout-flex wp-container-core-columns-is-layout-9d6595d7 wp-block-columns-is-layout-flex\">\n<div class=\"wp-block-column is-layout-flow wp-block-column-is-layout-flow\">\n<p><strong>AFRIKA-HILFE e.V.<\/strong><\/p>\n\n\n\n<p>Hauptanliegen der Vereinst\u00e4tigkeit von Afrika-Hilfe e.V. ist die F\u00f6rderung von Bildung und Gesundheit in notleidenden Gebieten in Afrika. Durch unsere Projekte m\u00f6chten wir Kindern und Jugendlichen nachhaltig Perspektiven auf ein selbstbestimmtes und unabh\u00e4ngiges Leben bieten. Deshalb unterst\u00fctzen wir durch die Akquise und Vermittlung von finanziellen Mitteln und Sachspenden den Neubau, die Ausstattung und den Betrieb von Schulen, Waisenh\u00e4usern sowie Gesundheitszentren.<\/p>\n<\/div>\n\n\n\n<div class=\"wp-block-column is-layout-flow wp-block-column-is-layout-flow\">\n<figure class=\"wp-block-image size-full\"><img loading=\"lazy\" decoding=\"async\" width=\"220\" height=\"150\" src=\"https:\/\/dbo-network.org\/dbo\/wp-content\/uploads\/sites\/2\/2022\/11\/406886002.png\" alt=\"\" class=\"wp-image-343\"\/><figcaption class=\"wp-element-caption\"><a href=\"http:\/\/www.afrika-hilfe.net\">http:\/\/www.afrika-hilfe.net<\/a><\/figcaption><\/figure>\n<\/div>\n<\/div>\n\n\n\n<div class=\"wp-block-columns is-layout-flex wp-container-core-columns-is-layout-9d6595d7 wp-block-columns-is-layout-flex\">\n<div class=\"wp-block-column is-layout-flow wp-block-column-is-layout-flow\">\n<p><strong>ARBEIT und DRITTE WELT e.V.<\/strong>&nbsp; <\/p>\n\n\n\n<p>Am 15. M\u00e4rz 1995 gr\u00fcndeten Hildesheimer Gewerkschafter \u201eArbeit und Dritte Welt\u201c. Der Verein sammelt gebrauchte Werkzeuge und Maschinen \u00fcber ein Netz von Unterst\u00fctzern, Unternehmen, Gewerkschafts-gliederungen und Privat-personen. Wir arbeiten die Sachspenden in den vereinseigenen Werkst\u00e4tten auf und stellen sie Initiativen f\u00fcr Selbsthilfevorhaben in Entwicklungsl\u00e4ndern zur Verf\u00fcgung. Wir organisieren auch die Transportlogistik.<\/p>\n<\/div>\n\n\n\n<div class=\"wp-block-column is-layout-flow wp-block-column-is-layout-flow\">\n<p><a href=\"http:\/\/www.adwev.de\/arbeit-dritte-welt-verein\/\">http:\/\/www.adwev.de\/arbeit-dritte-welt-verein\/<\/a><\/p>\n<\/div>\n<\/div>\n\n\n\n<div class=\"wp-block-columns is-layout-flex wp-container-core-columns-is-layout-9d6595d7 wp-block-columns-is-layout-flex\">\n<div class=\"wp-block-column is-layout-flow wp-block-column-is-layout-flow\">\n<p><strong>\u201eMeilen f\u00fcr Kinder der Welt &#8222;<\/strong><\/p>\n\n\n\n<p>Gerhard Bayrle und Roland Kr\u00e4tschmer hatten die Teilnahme an der Rallye Dresden-Dakar-Banjul im November\/Dezember 2011 gut \u00fcberstanden und wurden im Novembr 2013 mit weiteren K\u00f6nigsbrunnern &#8222;Wiederholungst\u00e4ter&#8220;.<br><br>Mit ihrer Begeisterung haben sie ganz schnell einige Verwandte, Freunde, Kollegen\/innen und Bekannte neugierig gemacht.&nbsp;Um diese \u201eMannschaft&#8220; jedoch unter einen Hut zu bringen, das Sponsoring zu koordinieren und um den Unterst\u00fctzern entsprechende Spenden-Bescheinigung ausstellen zu k\u00f6nnen, wurde der Entschluss gefasst einen neuen \u00f6rtlichen Verein zu gr\u00fcnden.&nbsp;Der Name war ebenso schnell gefunden, wie 10 engagierte Gr\u00fcndungsmitglieder, darunter auch 1.B\u00fcrgermeister Herr Ludwig Fr\u00f6hlich. Ende September war alles unter Dach und Fach.<\/p>\n\n\n\n<p>DANKE ihr K\u00f6nigsbrunner<\/p>\n<\/div>\n\n\n\n<div class=\"wp-block-column is-layout-flow wp-block-column-is-layout-flow\">\n<figure class=\"wp-block-image size-full\"><img loading=\"lazy\" decoding=\"async\" width=\"300\" height=\"138\" src=\"https:\/\/dbo-network.org\/dbo\/wp-content\/uploads\/sites\/2\/2022\/11\/Untitled.jpg\" alt=\"\" class=\"wp-image-345\"\/><figcaption class=\"wp-element-caption\"><a href=\"http:\/\/www.meilen-fuer-kinder.de\/\">http:\/\/www.meilen-fuer-kinder.de\/<\/a><\/figcaption><\/figure>\n<\/div>\n<\/div>\n","protected":false},"excerpt":{"rendered":"<p>DIESEL AND DUST CHALLENGE Wesentliche Finanzierungsgrundlage ist das wirtschaftliche Ergebnis der &nbsp;&#8222;Rallye Dresden-Dakar-Banjul&#8220;, die im M\u00e4rz 2006 das erste Mal startete und seither zwei Mal im Jahr (Anfang M\u00e4rz und Anfang November) durchgef\u00fchrt wird.&nbsp;Alle Fahrzeuge, welche die Rallyeteilnehmer f\u00fcr diese&#8230; <a class=\"more-link\" href=\"https:\/\/dbo-network.org\/dbo\/2020\/11\/14\/partner\/\">Weiterlesen &rarr;<\/a><\/p>\n","protected":false},"author":1,"featured_media":0,"comment_status":"closed","ping_status":"closed","sticky":false,"template":"","format":"standard","meta":{"footnotes":""},"categories":[1,28],"tags":[27],"class_list":["post-66","post","type-post","status-publish","format-standard","hentry","category-allgemein","category-partner","tag-partner"],"_links":{"self":[{"href":"https:\/\/dbo-network.org\/dbo\/wp-json\/wp\/v2\/posts\/66","targetHints":{"allow":["GET"]}}],"collection":[{"href":"https:\/\/dbo-network.org\/dbo\/wp-json\/wp\/v2\/posts"}],"about":[{"href":"https:\/\/dbo-network.org\/dbo\/wp-json\/wp\/v2\/types\/post"}],"author":[{"embeddable":true,"href":"https:\/\/dbo-network.org\/dbo\/wp-json\/wp\/v2\/users\/1"}],"replies":[{"embeddable":true,"href":"https:\/\/dbo-network.org\/dbo\/wp-json\/wp\/v2\/comments?post=66"}],"version-history":[{"count":8,"href":"https:\/\/dbo-network.org\/dbo\/wp-json\/wp\/v2\/posts\/66\/revisions"}],"predecessor-version":[{"id":2952,"href":"https:\/\/dbo-network.org\/dbo\/wp-json\/wp\/v2\/posts\/66\/revisions\/2952"}],"wp:attachment":[{"href":"https:\/\/dbo-network.org\/dbo\/wp-json\/wp\/v2\/media?parent=66"}],"wp:term":[{"taxonomy":"category","embeddable":true,"href":"https:\/\/dbo-network.org\/dbo\/wp-json\/wp\/v2\/categories?post=66"},{"taxonomy":"post_tag","embeddable":true,"href":"https:\/\/dbo-network.org\/dbo\/wp-json\/wp\/v2\/tags?post=66"}],"curies":[{"name":"wp","href":"https:\/\/api.w.org\/{rel}","templated":true}]}}